{"id":29648,"date":"2016-08-22T14:54:17","date_gmt":"2016-08-22T18:54:17","guid":{"rendered":"https:\/\/dev2.bastacommunication.ca\/MADA\/mada-qc-participe-a-la-45e-reunion-scientifique-et-educative-annuelle-de-l-association-canadienne-de-gerontologie-2\/news\/"},"modified":"2016-08-22T14:54:17","modified_gmt":"2016-08-22T18:54:17","slug":"mada-qc-participe-a-la-45e-reunion-scientifique-et-educative-annuelle-de-l-association-canadienne-de-gerontologie-2","status":"publish","type":"post","link":"https:\/\/madaquebec.com\/en\/mada-qc-participe-a-la-45e-reunion-scientifique-et-educative-annuelle-de-l-association-canadienne-de-gerontologie-2\/news\/","title":{"rendered":"AFC-QC will participate at the 45th annual scientific and educational meeting of Canadian Association on Gerontology"},"content":{"rendered":"\n<p style=\"text-align: justify;\">The meeting will take place on October 20-22<sup>th<\/sup> 2016 in Montreal and the research team AFC-QC will give seven conferences!<\/p>\n<p style=\"text-align: justify;\">To access to the full program of the 45<sup>th<\/sup> annual metting of the CAG,&nbsp;<a href=\"http:\/\/cag.conference-services.net\/programme.asp?conferenceID=4030&amp;language=en-uk\">click here<\/a><span style=\"color: #000000;\">.<\/span><\/p>\n<p style=\"text-align: justify;\"><img decoding=\"async\" loading=\"lazy\" class=\" size-full wp-image-29645\" src=\"https:\/\/madaquebec.com\/wp-content\/uploads\/2016\/08\/ACG2016.png\" alt=\"ACG2016\" width=\"644\" height=\"218\" srcset=\"https:\/\/madaquebec.com\/wp-content\/uploads\/2016\/08\/ACG2016.png 644w, https:\/\/madaquebec.com\/wp-content\/uploads\/2016\/08\/ACG2016-300x102.png 300w\" sizes=\"(max-width: 644px) 100vw, 644px\" \/><\/p>\n","protected":false},"excerpt":{"rendered":"<p style=\"text-align: justify;\">The research team Age Friendly-Cities in Qu\u00e9bec (AFC-QC) will participate at the 45<sup>th<\/sup> annual scientific and educational meeting of Canadian Association on Gerontology (CAG) on the theme of&nbsp;\u00abFostering innovation in research on aging\u00bb.<\/p>\n","protected":false},"author":8,"featured_media":29643,"comment_status":"closed","ping_status":"closed","sticky":false,"template":"","format":"standard","meta":{"_et_pb_use_builder":"","_et_pb_old_content":"","_et_gb_content_width":"","footnotes":""},"categories":[234],"tags":[],"yoast_head":"<!-- This site is optimized with the Yoast SEO plugin v21.2 - https:\/\/yoast.com\/wordpress\/plugins\/seo\/ -->\n<title>AFC-QC will participate at the 45th annual scientific and educational meeting of Canadian Association on Gerontology - Mada<\/title>\n<meta name=\"robots\" content=\"index, follow, max-snippet:-1, max-image-preview:large, max-video-preview:-1\" \/>\n<link rel=\"canonical\" href=\"https:\/\/madaquebec.com\/en\/mada-qc-participe-a-la-45e-reunion-scientifique-et-educative-annuelle-de-l-association-canadienne-de-gerontologie-2\/news\/\" \/>\n<meta property=\"og:locale\" content=\"en_US\" \/>\n<meta property=\"og:type\" content=\"article\" \/>\n<meta property=\"og:title\" content=\"AFC-QC will participate at the 45th annual scientific and educational meeting of Canadian Association on Gerontology - Mada\" \/>\n<meta property=\"og:description\" content=\"The research team Age Friendly-Cities in Qu\u00e9bec (AFC-QC) will participate at the 45th annual scientific and educational meeting of Canadian Association on Gerontology (CAG) on the theme of&nbsp;\u00abFostering innovation in research on aging\u00bb.\" \/>\n<meta property=\"og:url\" content=\"https:\/\/madaquebec.com\/en\/mada-qc-participe-a-la-45e-reunion-scientifique-et-educative-annuelle-de-l-association-canadienne-de-gerontologie-2\/news\/\" \/>\n<meta property=\"og:site_name\" content=\"Mada\" \/>\n<meta property=\"article:published_time\" content=\"2016-08-22T18:54:17+00:00\" \/>\n<meta property=\"og:image\" content=\"https:\/\/madaquebec.com\/wp-content\/uploads\/2016\/08\/CAG2.PNG\" \/>\n\t<meta property=\"og:image:width\" content=\"206\" \/>\n\t<meta property=\"og:image:height\" content=\"203\" \/>\n\t<meta property=\"og:image:type\" content=\"image\/png\" \/>\n<meta name=\"author\" content=\"Vada Quebec\" \/>\n<meta name=\"twitter:card\" content=\"summary_large_image\" \/>\n<meta name=\"twitter:label1\" content=\"Written by\" \/>\n\t<meta name=\"twitter:data1\" content=\"Vada Quebec\" \/>\n<script type=\"application\/ld+json\" class=\"yoast-schema-graph\">{\"@context\":\"https:\/\/schema.org\",\"@graph\":[{\"@type\":\"WebPage\",\"@id\":\"https:\/\/madaquebec.com\/en\/mada-qc-participe-a-la-45e-reunion-scientifique-et-educative-annuelle-de-l-association-canadienne-de-gerontologie-2\/news\/\",\"url\":\"https:\/\/madaquebec.com\/en\/mada-qc-participe-a-la-45e-reunion-scientifique-et-educative-annuelle-de-l-association-canadienne-de-gerontologie-2\/news\/\",\"name\":\"AFC-QC will participate at the 45th annual scientific and educational meeting of Canadian Association on Gerontology - Mada\",\"isPartOf\":{\"@id\":\"https:\/\/madaquebec.com\/#website\"},\"datePublished\":\"2016-08-22T18:54:17+00:00\",\"dateModified\":\"2016-08-22T18:54:17+00:00\",\"author\":{\"@id\":\"https:\/\/madaquebec.com\/#\/schema\/person\/9441d217f3b4145ad0b12be068e0366c\"},\"breadcrumb\":{\"@id\":\"https:\/\/madaquebec.com\/en\/mada-qc-participe-a-la-45e-reunion-scientifique-et-educative-annuelle-de-l-association-canadienne-de-gerontologie-2\/news\/#breadcrumb\"},\"inLanguage\":\"en-US\",\"potentialAction\":[{\"@type\":\"ReadAction\",\"target\":[\"https:\/\/madaquebec.com\/en\/mada-qc-participe-a-la-45e-reunion-scientifique-et-educative-annuelle-de-l-association-canadienne-de-gerontologie-2\/news\/\"]}]},{\"@type\":\"BreadcrumbList\",\"@id\":\"https:\/\/madaquebec.com\/en\/mada-qc-participe-a-la-45e-reunion-scientifique-et-educative-annuelle-de-l-association-canadienne-de-gerontologie-2\/news\/#breadcrumb\",\"itemListElement\":[{\"@type\":\"ListItem\",\"position\":1,\"name\":\"Accueil\",\"item\":\"https:\/\/madaquebec.com\/en\/\"},{\"@type\":\"ListItem\",\"position\":2,\"name\":\"AFC-QC will participate at the 45th annual scientific and educational meeting of Canadian Association on Gerontology\"}]},{\"@type\":\"WebSite\",\"@id\":\"https:\/\/madaquebec.com\/#website\",\"url\":\"https:\/\/madaquebec.com\/\",\"name\":\"Mada\",\"description\":\"Municipalit\u00e9s et villes amies des a\u00een\u00e9s au Qu\u00e9bec\",\"potentialAction\":[{\"@type\":\"SearchAction\",\"target\":{\"@type\":\"EntryPoint\",\"urlTemplate\":\"https:\/\/madaquebec.com\/?s={search_term_string}\"},\"query-input\":\"required name=search_term_string\"}],\"inLanguage\":\"en-US\"},{\"@type\":\"Person\",\"@id\":\"https:\/\/madaquebec.com\/#\/schema\/person\/9441d217f3b4145ad0b12be068e0366c\",\"name\":\"Vada Quebec\",\"url\":\"https:\/\/madaquebec.com\/en\/author\/vadaquebec\/\"}]}<\/script>\n<!-- \/ Yoast SEO plugin. -->","yoast_head_json":{"title":"AFC-QC will participate at the 45th annual scientific and educational meeting of Canadian Association on Gerontology - Mada","robots":{"index":"index","follow":"follow","max-snippet":"max-snippet:-1","max-image-preview":"max-image-preview:large","max-video-preview":"max-video-preview:-1"},"canonical":"https:\/\/madaquebec.com\/en\/mada-qc-participe-a-la-45e-reunion-scientifique-et-educative-annuelle-de-l-association-canadienne-de-gerontologie-2\/news\/","og_locale":"en_US","og_type":"article","og_title":"AFC-QC will participate at the 45th annual scientific and educational meeting of Canadian Association on Gerontology - Mada","og_description":"The research team Age Friendly-Cities in Qu\u00e9bec (AFC-QC) will participate at the 45th annual scientific and educational meeting of Canadian Association on Gerontology (CAG) on the theme of&nbsp;\u00abFostering innovation in research on aging\u00bb.","og_url":"https:\/\/madaquebec.com\/en\/mada-qc-participe-a-la-45e-reunion-scientifique-et-educative-annuelle-de-l-association-canadienne-de-gerontologie-2\/news\/","og_site_name":"Mada","article_published_time":"2016-08-22T18:54:17+00:00","og_image":[{"width":206,"height":203,"url":"https:\/\/madaquebec.com\/wp-content\/uploads\/2016\/08\/CAG2.PNG","type":"image\/png"}],"author":"Vada Quebec","twitter_card":"summary_large_image","twitter_misc":{"Written by":"Vada Quebec"},"schema":{"@context":"https:\/\/schema.org","@graph":[{"@type":"WebPage","@id":"https:\/\/madaquebec.com\/en\/mada-qc-participe-a-la-45e-reunion-scientifique-et-educative-annuelle-de-l-association-canadienne-de-gerontologie-2\/news\/","url":"https:\/\/madaquebec.com\/en\/mada-qc-participe-a-la-45e-reunion-scientifique-et-educative-annuelle-de-l-association-canadienne-de-gerontologie-2\/news\/","name":"AFC-QC will participate at the 45th annual scientific and educational meeting of Canadian Association on Gerontology - Mada","isPartOf":{"@id":"https:\/\/madaquebec.com\/#website"},"datePublished":"2016-08-22T18:54:17+00:00","dateModified":"2016-08-22T18:54:17+00:00","author":{"@id":"https:\/\/madaquebec.com\/#\/schema\/person\/9441d217f3b4145ad0b12be068e0366c"},"breadcrumb":{"@id":"https:\/\/madaquebec.com\/en\/mada-qc-participe-a-la-45e-reunion-scientifique-et-educative-annuelle-de-l-association-canadienne-de-gerontologie-2\/news\/#breadcrumb"},"inLanguage":"en-US","potentialAction":[{"@type":"ReadAction","target":["https:\/\/madaquebec.com\/en\/mada-qc-participe-a-la-45e-reunion-scientifique-et-educative-annuelle-de-l-association-canadienne-de-gerontologie-2\/news\/"]}]},{"@type":"BreadcrumbList","@id":"https:\/\/madaquebec.com\/en\/mada-qc-participe-a-la-45e-reunion-scientifique-et-educative-annuelle-de-l-association-canadienne-de-gerontologie-2\/news\/#breadcrumb","itemListElement":[{"@type":"ListItem","position":1,"name":"Accueil","item":"https:\/\/madaquebec.com\/en\/"},{"@type":"ListItem","position":2,"name":"AFC-QC will participate at the 45th annual scientific and educational meeting of Canadian Association on Gerontology"}]},{"@type":"WebSite","@id":"https:\/\/madaquebec.com\/#website","url":"https:\/\/madaquebec.com\/","name":"Mada","description":"Municipalit\u00e9s et villes amies des a\u00een\u00e9s au Qu\u00e9bec","potentialAction":[{"@type":"SearchAction","target":{"@type":"EntryPoint","urlTemplate":"https:\/\/madaquebec.com\/?s={search_term_string}"},"query-input":"required name=search_term_string"}],"inLanguage":"en-US"},{"@type":"Person","@id":"https:\/\/madaquebec.com\/#\/schema\/person\/9441d217f3b4145ad0b12be068e0366c","name":"Vada Quebec","url":"https:\/\/madaquebec.com\/en\/author\/vadaquebec\/"}]}},"_links":{"self":[{"href":"https:\/\/madaquebec.com\/en\/wp-json\/wp\/v2\/posts\/29648"}],"collection":[{"href":"https:\/\/madaquebec.com\/en\/wp-json\/wp\/v2\/posts"}],"about":[{"href":"https:\/\/madaquebec.com\/en\/wp-json\/wp\/v2\/types\/post"}],"author":[{"embeddable":true,"href":"https:\/\/madaquebec.com\/en\/wp-json\/wp\/v2\/users\/8"}],"replies":[{"embeddable":true,"href":"https:\/\/madaquebec.com\/en\/wp-json\/wp\/v2\/comments?post=29648"}],"version-history":[{"count":0,"href":"https:\/\/madaquebec.com\/en\/wp-json\/wp\/v2\/posts\/29648\/revisions"}],"wp:featuredmedia":[{"embeddable":true,"href":"https:\/\/madaquebec.com\/en\/wp-json\/wp\/v2\/media\/29643"}],"wp:attachment":[{"href":"https:\/\/madaquebec.com\/en\/wp-json\/wp\/v2\/media?parent=29648"}],"wp:term":[{"taxonomy":"category","embeddable":true,"href":"https:\/\/madaquebec.com\/en\/wp-json\/wp\/v2\/categories?post=29648"},{"taxonomy":"post_tag","embeddable":true,"href":"https:\/\/madaquebec.com\/en\/wp-json\/wp\/v2\/tags?post=29648"}],"curies":[{"name":"wp","href":"https:\/\/api.w.org\/{rel}","templated":true}]}}