{"id":29625,"date":"2014-03-12T15:52:52","date_gmt":"2014-03-12T19:52:52","guid":{"rendered":"https:\/\/dev2.bastacommunication.ca\/MADA\/team-members-and-partners\/the-team\/"},"modified":"2014-03-12T15:52:52","modified_gmt":"2014-03-12T19:52:52","slug":"team-members-and-partners","status":"publish","type":"post","link":"https:\/\/madaquebec.com\/en\/team-members-and-partners\/the-team\/","title":{"rendered":"Team members and partners"},"content":{"rendered":"<h1>Our Team<\/h1>\n<table style=\"height: 309px; width: 1079px;\" cellspacing=\"0\" cellpadding=\"0\" align=\"left\">\n<tbody>\n<tr>\n<th style=\"text-align: left;\">\n<div class=\"rt-grid-2\" style=\"margin-right: 100px;\">\n<div class=\"rt-grid-2\" style=\"margin-right: 100px;\">\n<h5>Professor and Principal Investigator<\/h5>\n<\/p><\/div>\n<\/p><\/div>\n<\/th>\n<th style=\"text-align: left;\">\n<div class=\"rt-grid-2\" style=\"margin-right: 100px;\">\n<h5>Research Professional and Assistant<span class=\"color-black\"><br \/><\/span><\/h5>\n<\/p><\/div>\n<\/th>\n<\/tr>\n<tr>\n<th style=\"text-align: left;\"><a href=\"\/lequipe\/notre-equipe\/111-lequipe\/notre-equipe\/298-suzanne-garon-ph-d\" title=\"Suzanne Garon, Ph.D.\"><img decoding=\"async\" loading=\"lazy\" class=\" alignleft size-full wp-image-29284\" style=\"float: left;\" src=\"https:\/\/madaquebec.com\/wp-content\/uploads\/2014\/03\/Suzanne_-_1752.png\" alt=\"Suzanne - 1752\" width=\"175\" height=\"175\" \/><\/a><\/th>\n<th style=\"text-align: left;\"><a href=\"fr\/lequipe\/notre-equipe\/111-lequipe\/notre-equipe\/373-christyne-lavoie\"><img decoding=\"async\" loading=\"lazy\" class=\" size-full wp-image-29286\" src=\"https:\/\/madaquebec.com\/wp-content\/uploads\/2014\/03\/Christyne_-_175-5.png\" alt=\"\" width=\"175\" height=\"175\" \/><\/a><a href=\"fr\/lequipe\/notre-equipe\/111-lequipe\/notre-equipe\/380-salome-vallette\"><img decoding=\"async\" loading=\"lazy\" class=\" size-full wp-image-29292\" src=\"https:\/\/madaquebec.com\/wp-content\/uploads\/2014\/03\/Salome_-_175-2.png\" alt=\"\" width=\"175\" height=\"175\" \/><\/a><a href=\"index.php?option=com_content&amp;view=article&amp;id=149&amp;catid=111&amp;lang=fr\"><img decoding=\"async\" loading=\"lazy\" class=\" alignleft size-full wp-image-29288\" style=\"float: left;\" src=\"https:\/\/madaquebec.com\/wp-content\/uploads\/2014\/03\/Anne_-_1752.png\" alt=\"\" width=\"175\" height=\"175\" \/><\/a><a href=\"fr\/lequipe\/notre-equipe\/111-lequipe\/notre-equipe\/150-mario-paris\"><img decoding=\"async\" loading=\"lazy\" class=\" alignleft size-full wp-image-29290\" style=\"float: left;\" src=\"https:\/\/madaquebec.com\/wp-content\/uploads\/2014\/03\/Mario_-_175.png\" alt=\"\" width=\"175\" height=\"175\" \/><\/a><\/th>\n<\/tr>\n<tr>\n<th style=\"text-align: left;\">\n<p>&nbsp;<span style=\"font-size: 10pt;\"><span class=\"color-blue\"><\/span><\/span><a href=\"index.php?option=com_content&amp;view=article&amp;id=298&amp;catid=111&amp;lang=fr\">Suzanne Garon, Ph.D.<\/a><\/p>\n<\/th>\n<th style=\"text-align: left;\">\n<p>&nbsp; &nbsp; &nbsp; &nbsp;&nbsp;<a href=\"index.php?option=com_content&amp;view=article&amp;id=149&amp;catid=111&amp;lang=fr\">Anne Veil, MSS<\/a>&nbsp; &nbsp; &nbsp; &nbsp; &nbsp; &nbsp;<a href=\"index.php?option=com_content&amp;view=article&amp;id=150&amp;catid=111&amp;lang=fr\" style=\"font-size: medium; font-weight: bold;\">Mario Paris, Ph.D.<\/a>&nbsp; &nbsp; &nbsp; &nbsp; &nbsp;<a href=\"fr\/lequipe\/notre-equipe\/111-lequipe\/notre-equipe\/373-christyne-lavoie\">Christyne Lavoie,&nbsp;<\/a>&nbsp; &nbsp; &nbsp; <a href=\"lequipe\/notre-equipe\/111-lequipe\/notre-equipe\/380-salome-vallette\" style=\"font-size: medium; font-weight: bold;\">Salom\u00e9 Vallette, M.A.<\/a>&nbsp; &nbsp; &nbsp; &nbsp; &nbsp; &nbsp; &nbsp; &nbsp; &nbsp; &nbsp; &nbsp; &nbsp; &nbsp; &nbsp; &nbsp; &nbsp; &nbsp; &nbsp; &nbsp; &nbsp; &nbsp; &nbsp; &nbsp; &nbsp; &nbsp; &nbsp; &nbsp; &nbsp; &nbsp; &nbsp; &nbsp; &nbsp; &nbsp; &nbsp; &nbsp; &nbsp; &nbsp; &nbsp; &nbsp; &nbsp; &nbsp; &nbsp; &nbsp; &nbsp; &nbsp; &nbsp; &nbsp; &nbsp; &nbsp; &nbsp; &nbsp; &nbsp; &nbsp; &nbsp;<a href=\"fr\/lequipe\/notre-equipe\/111-lequipe\/notre-equipe\/373-christyne-lavoie\">M.Serv.Soc.<\/a><\/p>\n<\/th>\n<\/tr>\n<\/tbody>\n<\/table>\n<table cellspacing=\"0\" cellpadding=\"0\" align=\"left\">\n<tbody>\n<tr>\n<th style=\"text-align: left;\">\n<div class=\"rt-grid-2\" style=\"margin-right: 100px;\">\n<div class=\"rt-grid-2\" style=\"margin-right: 100px;\">\n<h5>Ph.D. Students<\/h5>\n<\/p><\/div>\n<\/p><\/div>\n<\/th>\n<\/tr>\n<tr>\n<th style=\"text-align: left;\"><a href=\"lequipe\/notre-equipe\/134-lequipe\/151-catherine-bigonnesse\"><img decoding=\"async\" loading=\"lazy\" class=\" alignleft size-full wp-image-29296\" style=\"float: left;\" src=\"https:\/\/madaquebec.com\/wp-content\/uploads\/2014\/03\/Catherine_-_1752.png\" alt=\"Catherine - 1752\" width=\"175\" height=\"175\" \/><\/a><a href=\"lequipe\/notre-equipe\/111-lequipe\/notre-equipe\/279-samuele-remillard-b\"><img decoding=\"async\" loading=\"lazy\" class=\" alignleft size-full wp-image-29298\" style=\"float: left;\" src=\"https:\/\/madaquebec.com\/wp-content\/uploads\/2014\/03\/Samuele_-_175.png\" alt=\"Samu\u00e8le - 175\" width=\"175\" height=\"175\" \/><\/a>&nbsp;<a href=\"lequipe\/notre-equipe\/111-lequipe\/notre-equipe\/410-melisa-audet\"><img decoding=\"async\" loading=\"lazy\" class=\" size-full wp-image-29300\" src=\"https:\/\/madaquebec.com\/wp-content\/uploads\/2014\/03\/Melisa_Audet_175.png\" alt=\"M\u00e9lisa Audet 175\" width=\"175\" height=\"175\" \/><\/a><\/th>\n<th style=\"text-align: left;\">&nbsp;<a href=\"index.php?option=com_content&amp;view=article&amp;id=150&amp;catid=111&amp;lang=fr\"><\/a>&nbsp;&nbsp;&nbsp; &nbsp; <a href=\"lequipe\/notre-equipe\/111-lequipe\/notre-equipe\/149-anne-veil-msss\" title=\"Anne Veil, MSSS.\"><\/a><a href=\"fr\/lequipe\/notre-equipe\/111-lequipe\/notre-equipe\/373-christyne-lavoie\" title=\"\u00c9tudiante \u00e0 la ma\u00eetrise\"><\/a><\/th>\n<\/tr>\n<tr>\n<th style=\"text-align: left;\">\n<p><a href=\"lequipe\/notre-equipe\/134-lequipe\/151-catherine-bigonnesse\">Catherine Bigonnesse<\/a>&nbsp;&nbsp;&nbsp;<a href=\"lequipe\/notre-equipe\/111-lequipe\/notre-equipe\/279-samuele-remillard-b\">Samu\u00e8le R\u00e9millard-B.<\/a>&nbsp; &nbsp; &nbsp; &nbsp; &nbsp; <a href=\"lequipe\/notre-equipe\/111-lequipe\/notre-equipe\/410-melisa-audet\">M\u00e9lisa Audet<\/a><\/p>\n<\/th>\n<\/tr>\n<\/tbody>\n<\/table>\n<table style=\"height: 134px; width: 368px;\" cellspacing=\"0\" cellpadding=\"0\" align=\"left\">\n<tbody>\n<tr>\n<th style=\"text-align: left;\">\n<div class=\"rt-grid-2\" style=\"margin-right: 100px;\">\n<div class=\"rt-grid-2\" style=\"margin-right: 100px;\">\n<h5 style=\"text-align: center;\">Master&#8217;s Students<\/h5>\n<h5 style=\"text-align: center;\">&nbsp;<\/h5>\n<\/p><\/div>\n<\/p><\/div>\n<\/th>\n<\/tr>\n<tr>\n<th style=\"text-align: left;\">&nbsp;<\/th>\n<\/tr>\n<tr>\n<th style=\"text-align: left;\">\n<p>&nbsp; &nbsp; &nbsp;&nbsp;<\/p>\n<\/th>\n<\/tr>\n<\/tbody>\n<\/table>\n<h5>&nbsp;<\/h5>\n<div class=\"clear\">&nbsp;<\/div>\n<div class=\"clear\">&nbsp;<\/div>\n<h1>Our Partners<\/h1>\n<div>\n<table cellspacing=\"0\" cellpadding=\"0\" align=\"left\">\n<tbody>\n<tr>\n<td><a href=\"http:\/\/www.usherbrooke.ca\/\"><img decoding=\"async\" loading=\"lazy\" class=\" size-full wp-image-29304\" style=\"margin-right: auto; margin-left: auto; display: block;\" src=\"https:\/\/madaquebec.com\/wp-content\/uploads\/2014\/03\/logo_UdeS.jpg\" alt=\"logo UdeS\" width=\"293\" height=\"46\" \/><\/a><\/td>\n<td style=\"text-align: center;\"><a href=\"http:\/\/cdrv.csss-iugs.ca\/\"><img decoding=\"async\" loading=\"lazy\" class=\" size-full wp-image-29306\" src=\"https:\/\/madaquebec.com\/wp-content\/uploads\/2014\/03\/Logo_CDRV.jpg\" alt=\"logo CDRV\" width=\"350\" height=\"93\" \/><\/a><\/td>\n<td style=\"text-align: center;\"><a href=\"http:\/\/aines.gouv.qc.ca\/mada\/\"><img decoding=\"async\" loading=\"lazy\" class=\" size-full wp-image-29308\" src=\"https:\/\/madaquebec.com\/wp-content\/uploads\/2014\/03\/quebec-drapeau.jpg\" alt=\"quebec-drapeau\" width=\"311\" height=\"70\" \/><\/a><\/td>\n<\/tr>\n<tr>\n<td><a href=\"http:\/\/aines.gouv.qc.ca\/mada\/\"><img decoding=\"async\" loading=\"lazy\" class=\" size-full wp-image-29310\" style=\"margin-right: auto; margin-left: auto; display: block;\" src=\"https:\/\/madaquebec.com\/wp-content\/uploads\/2014\/03\/municipalite-amie-des-aines.jpg\" alt=\"municipalite-amie-des-aines\" width=\"150\" height=\"152\" \/><\/a><\/td>\n<td><a href=\"http:\/\/www.who.int\/ageing\/fr\/\"><img decoding=\"async\" loading=\"lazy\" class=\" size-full wp-image-29623\" style=\"margin-right: auto; margin-left: auto; display: block;\" src=\"https:\/\/madaquebec.com\/wp-content\/uploads\/2014\/03\/logo_oms.jpeg\" alt=\"logo oms\" width=\"135\" height=\"130\" \/><\/a><\/td>\n<td><a href=\"http:\/\/www.carrefourmunicipal.qc.ca\/\"><img decoding=\"async\" loading=\"lazy\" class=\" size-full wp-image-29314\" style=\"margin-right: auto; margin-left: auto; display: block;\" src=\"https:\/\/madaquebec.com\/wp-content\/uploads\/2014\/03\/Logo_CAMF.jpg\" alt=\"Logo CAMF\" width=\"305\" height=\"122\" srcset=\"https:\/\/madaquebec.com\/wp-content\/uploads\/2014\/03\/Logo_CAMF.jpg 305w, https:\/\/madaquebec.com\/wp-content\/uploads\/2014\/03\/Logo_CAMF-300x120.jpg 300w\" sizes=\"(max-width: 305px) 100vw, 305px\" \/><\/a><\/td>\n<\/tr>\n<tr>\n<td>\n<p>&nbsp;<\/p>\n<p><a href=\"http:\/\/www.rfvaa.fr\/\"><img decoding=\"async\" loading=\"lazy\" class=\" size-full wp-image-29316\" src=\"https:\/\/madaquebec.com\/wp-content\/uploads\/2014\/03\/Rseau_Francophone.jpg\" alt=\"R\u00e9seau Francophone\" width=\"350\" height=\"93\" srcset=\"https:\/\/madaquebec.com\/wp-content\/uploads\/2014\/03\/Rseau_Francophone.jpg 450w, https:\/\/madaquebec.com\/wp-content\/uploads\/2014\/03\/Rseau_Francophone-300x80.jpg 300w\" sizes=\"(max-width: 350px) 100vw, 350px\" \/><\/a><\/p>\n<\/td>\n<td><a href=\"http:\/\/www.conferencedestables.org\/\"><img decoding=\"async\" loading=\"lazy\" class=\" size-full wp-image-29318\" style=\"margin-right: auto; margin-left: auto; display: block;\" src=\"https:\/\/madaquebec.com\/wp-content\/uploads\/2014\/03\/logo_conftables.png\" alt=\"logo conftables\" width=\"302\" height=\"129\" srcset=\"https:\/\/madaquebec.com\/wp-content\/uploads\/2014\/03\/logo_conftables.png 302w, https:\/\/madaquebec.com\/wp-content\/uploads\/2014\/03\/logo_conftables-300x128.png 300w\" sizes=\"(max-width: 302px) 100vw, 302px\" \/><\/a><\/td>\n<td><a href=\"http:\/\/www.vada2013.ca\/fr\/\"><img decoding=\"async\" loading=\"lazy\" class=\" size-full wp-image-29320\" src=\"https:\/\/madaquebec.com\/wp-content\/uploads\/2014\/03\/conf_vada2013.png\" alt=\"conf vada2013\" width=\"394\" height=\"104\" srcset=\"https:\/\/madaquebec.com\/wp-content\/uploads\/2014\/03\/conf_vada2013.png 494w, https:\/\/madaquebec.com\/wp-content\/uploads\/2014\/03\/conf_vada2013-300x80.png 300w\" sizes=\"(max-width: 394px) 100vw, 394px\" \/><\/a><\/td>\n<\/tr>\n<\/tbody>\n<\/table><\/div>\n<p>&nbsp;<\/p>\n","protected":false},"excerpt":{"rendered":"<p>Our Team Professor and Principal Investigator Research Professional and Assistant &nbsp;Suzanne Garon, Ph.D. &nbsp; &nbsp; &nbsp; &nbsp;&nbsp;Anne Veil, MSS&nbsp; &nbsp; &nbsp; &nbsp; &nbsp; &nbsp;Mario Paris, Ph.D.&nbsp; &nbsp; &nbsp; &nbsp; &nbsp;Christyne Lavoie,&nbsp;&nbsp; &nbsp; &nbsp; Salom\u00e9 Vallette, M.A.&nbsp; &nbsp; &nbsp; &nbsp; &nbsp; &nbsp; &nbsp; &nbsp; &nbsp; &nbsp; &nbsp; &nbsp; &nbsp; &nbsp; &nbsp; &nbsp; &nbsp; &nbsp; &nbsp; &nbsp; &nbsp; &nbsp; &nbsp; &nbsp; &nbsp; &nbsp; &nbsp; &nbsp; &nbsp; &nbsp; &nbsp; &nbsp; &nbsp; &nbsp; &nbsp; &nbsp; &nbsp; &nbsp; &nbsp; &nbsp; &nbsp; &nbsp; &nbsp; &nbsp; &nbsp; &nbsp; &nbsp; &nbsp; &nbsp; &nbsp; &nbsp; &nbsp; &nbsp; &nbsp;M.Serv.Soc. Ph.D. Students &nbsp; &nbsp;&nbsp;&nbsp;&nbsp; &nbsp; Catherine Bigonnesse&nbsp;&nbsp;&nbsp;Samu\u00e8le R\u00e9millard-B.&nbsp; &nbsp; &nbsp; &nbsp; &nbsp; M\u00e9lisa Audet Master&#8217;s Students &nbsp; &nbsp; &nbsp; &nbsp; &nbsp;&nbsp; &nbsp; &nbsp; &nbsp; Our Partners &nbsp; &nbsp;<\/p>\n","protected":false},"author":8,"featured_media":0,"comment_status":"closed","ping_status":"closed","sticky":false,"template":"","format":"standard","meta":{"_et_pb_use_builder":"","_et_pb_old_content":"","_et_gb_content_width":"","footnotes":""},"categories":[216],"tags":[],"yoast_head":"<!-- This site is optimized with the Yoast SEO plugin v21.2 - https:\/\/yoast.com\/wordpress\/plugins\/seo\/ -->\n<title>Team members and partners - Mada<\/title>\n<meta name=\"robots\" content=\"index, follow, max-snippet:-1, max-image-preview:large, max-video-preview:-1\" \/>\n<link rel=\"canonical\" href=\"https:\/\/madaquebec.com\/en\/team-members-and-partners\/the-team\/\" \/>\n<meta property=\"og:locale\" content=\"en_US\" \/>\n<meta property=\"og:type\" content=\"article\" \/>\n<meta property=\"og:title\" content=\"Team members and partners - Mada\" \/>\n<meta property=\"og:description\" content=\"Our Team Professor and Principal Investigator Research Professional and Assistant &nbsp;Suzanne Garon, Ph.D. &nbsp; &nbsp; &nbsp; &nbsp;&nbsp;Anne Veil, MSS&nbsp; &nbsp; &nbsp; &nbsp; &nbsp; &nbsp;Mario Paris, Ph.D.&nbsp; &nbsp; &nbsp; &nbsp; &nbsp;Christyne Lavoie,&nbsp;&nbsp; &nbsp; &nbsp; Salom\u00e9 Vallette, M.A.&nbsp; &nbsp; &nbsp; &nbsp; &nbsp; &nbsp; &nbsp; &nbsp; &nbsp; &nbsp; &nbsp; &nbsp; &nbsp; &nbsp; &nbsp; &nbsp; &nbsp; &nbsp; &nbsp; &nbsp; &nbsp; &nbsp; &nbsp; &nbsp; &nbsp; &nbsp; &nbsp; &nbsp; &nbsp; &nbsp; &nbsp; &nbsp; &nbsp; &nbsp; &nbsp; &nbsp; &nbsp; &nbsp; &nbsp; &nbsp; &nbsp; &nbsp; &nbsp; &nbsp; &nbsp; &nbsp; &nbsp; &nbsp; &nbsp; &nbsp; &nbsp; &nbsp; &nbsp; &nbsp;M.Serv.Soc. Ph.D. Students &nbsp; &nbsp;&nbsp;&nbsp;&nbsp; &nbsp; Catherine Bigonnesse&nbsp;&nbsp;&nbsp;Samu\u00e8le R\u00e9millard-B.&nbsp; &nbsp; &nbsp; &nbsp; &nbsp; M\u00e9lisa Audet Master&#8217;s Students &nbsp; &nbsp; &nbsp; &nbsp; &nbsp;&nbsp; &nbsp; &nbsp; &nbsp; Our Partners &nbsp; &nbsp;\" \/>\n<meta property=\"og:url\" content=\"https:\/\/madaquebec.com\/en\/team-members-and-partners\/the-team\/\" \/>\n<meta property=\"og:site_name\" content=\"Mada\" \/>\n<meta property=\"article:published_time\" content=\"2014-03-12T19:52:52+00:00\" \/>\n<meta property=\"og:image\" content=\"https:\/\/madaquebec.com\/wp-content\/uploads\/2014\/03\/Suzanne_-_1752.png\" \/>\n<meta name=\"author\" content=\"Vada Quebec\" \/>\n<meta name=\"twitter:card\" content=\"summary_large_image\" \/>\n<meta name=\"twitter:label1\" content=\"Written by\" \/>\n\t<meta name=\"twitter:data1\" content=\"Vada Quebec\" \/>\n\t<meta name=\"twitter:label2\" content=\"Est. reading time\" \/>\n\t<meta name=\"twitter:data2\" content=\"1 minute\" \/>\n<script type=\"application\/ld+json\" class=\"yoast-schema-graph\">{\"@context\":\"https:\/\/schema.org\",\"@graph\":[{\"@type\":\"WebPage\",\"@id\":\"https:\/\/madaquebec.com\/en\/team-members-and-partners\/the-team\/\",\"url\":\"https:\/\/madaquebec.com\/en\/team-members-and-partners\/the-team\/\",\"name\":\"Team members and partners - Mada\",\"isPartOf\":{\"@id\":\"https:\/\/madaquebec.com\/#website\"},\"datePublished\":\"2014-03-12T19:52:52+00:00\",\"dateModified\":\"2014-03-12T19:52:52+00:00\",\"author\":{\"@id\":\"https:\/\/madaquebec.com\/#\/schema\/person\/9441d217f3b4145ad0b12be068e0366c\"},\"breadcrumb\":{\"@id\":\"https:\/\/madaquebec.com\/en\/team-members-and-partners\/the-team\/#breadcrumb\"},\"inLanguage\":\"en-US\",\"potentialAction\":[{\"@type\":\"ReadAction\",\"target\":[\"https:\/\/madaquebec.com\/en\/team-members-and-partners\/the-team\/\"]}]},{\"@type\":\"BreadcrumbList\",\"@id\":\"https:\/\/madaquebec.com\/en\/team-members-and-partners\/the-team\/#breadcrumb\",\"itemListElement\":[{\"@type\":\"ListItem\",\"position\":1,\"name\":\"Accueil\",\"item\":\"https:\/\/madaquebec.com\/en\/\"},{\"@type\":\"ListItem\",\"position\":2,\"name\":\"Team members and partners\"}]},{\"@type\":\"WebSite\",\"@id\":\"https:\/\/madaquebec.com\/#website\",\"url\":\"https:\/\/madaquebec.com\/\",\"name\":\"Mada\",\"description\":\"Municipalit\u00e9s et villes amies des a\u00een\u00e9s au Qu\u00e9bec\",\"potentialAction\":[{\"@type\":\"SearchAction\",\"target\":{\"@type\":\"EntryPoint\",\"urlTemplate\":\"https:\/\/madaquebec.com\/?s={search_term_string}\"},\"query-input\":\"required name=search_term_string\"}],\"inLanguage\":\"en-US\"},{\"@type\":\"Person\",\"@id\":\"https:\/\/madaquebec.com\/#\/schema\/person\/9441d217f3b4145ad0b12be068e0366c\",\"name\":\"Vada Quebec\",\"url\":\"https:\/\/madaquebec.com\/en\/author\/vadaquebec\/\"}]}<\/script>\n<!-- \/ Yoast SEO plugin. -->","yoast_head_json":{"title":"Team members and partners - Mada","robots":{"index":"index","follow":"follow","max-snippet":"max-snippet:-1","max-image-preview":"max-image-preview:large","max-video-preview":"max-video-preview:-1"},"canonical":"https:\/\/madaquebec.com\/en\/team-members-and-partners\/the-team\/","og_locale":"en_US","og_type":"article","og_title":"Team members and partners - Mada","og_description":"Our Team Professor and Principal Investigator Research Professional and Assistant &nbsp;Suzanne Garon, Ph.D. &nbsp; &nbsp; &nbsp; &nbsp;&nbsp;Anne Veil, MSS&nbsp; &nbsp; &nbsp; &nbsp; &nbsp; &nbsp;Mario Paris, Ph.D.&nbsp; &nbsp; &nbsp; &nbsp; &nbsp;Christyne Lavoie,&nbsp;&nbsp; &nbsp; &nbsp; Salom\u00e9 Vallette, M.A.&nbsp; &nbsp; &nbsp; &nbsp; &nbsp; &nbsp; &nbsp; &nbsp; &nbsp; &nbsp; &nbsp; &nbsp; &nbsp; &nbsp; &nbsp; &nbsp; &nbsp; &nbsp; &nbsp; &nbsp; &nbsp; &nbsp; &nbsp; &nbsp; &nbsp; &nbsp; &nbsp; &nbsp; &nbsp; &nbsp; &nbsp; &nbsp; &nbsp; &nbsp; &nbsp; &nbsp; &nbsp; &nbsp; &nbsp; &nbsp; &nbsp; &nbsp; &nbsp; &nbsp; &nbsp; &nbsp; &nbsp; &nbsp; &nbsp; &nbsp; &nbsp; &nbsp; &nbsp; &nbsp;M.Serv.Soc. Ph.D. Students &nbsp; &nbsp;&nbsp;&nbsp;&nbsp; &nbsp; Catherine Bigonnesse&nbsp;&nbsp;&nbsp;Samu\u00e8le R\u00e9millard-B.&nbsp; &nbsp; &nbsp; &nbsp; &nbsp; M\u00e9lisa Audet Master&#8217;s Students &nbsp; &nbsp; &nbsp; &nbsp; &nbsp;&nbsp; &nbsp; &nbsp; &nbsp; Our Partners &nbsp; &nbsp;","og_url":"https:\/\/madaquebec.com\/en\/team-members-and-partners\/the-team\/","og_site_name":"Mada","article_published_time":"2014-03-12T19:52:52+00:00","og_image":[{"url":"https:\/\/madaquebec.com\/wp-content\/uploads\/2014\/03\/Suzanne_-_1752.png"}],"author":"Vada Quebec","twitter_card":"summary_large_image","twitter_misc":{"Written by":"Vada Quebec","Est. reading time":"1 minute"},"schema":{"@context":"https:\/\/schema.org","@graph":[{"@type":"WebPage","@id":"https:\/\/madaquebec.com\/en\/team-members-and-partners\/the-team\/","url":"https:\/\/madaquebec.com\/en\/team-members-and-partners\/the-team\/","name":"Team members and partners - Mada","isPartOf":{"@id":"https:\/\/madaquebec.com\/#website"},"datePublished":"2014-03-12T19:52:52+00:00","dateModified":"2014-03-12T19:52:52+00:00","author":{"@id":"https:\/\/madaquebec.com\/#\/schema\/person\/9441d217f3b4145ad0b12be068e0366c"},"breadcrumb":{"@id":"https:\/\/madaquebec.com\/en\/team-members-and-partners\/the-team\/#breadcrumb"},"inLanguage":"en-US","potentialAction":[{"@type":"ReadAction","target":["https:\/\/madaquebec.com\/en\/team-members-and-partners\/the-team\/"]}]},{"@type":"BreadcrumbList","@id":"https:\/\/madaquebec.com\/en\/team-members-and-partners\/the-team\/#breadcrumb","itemListElement":[{"@type":"ListItem","position":1,"name":"Accueil","item":"https:\/\/madaquebec.com\/en\/"},{"@type":"ListItem","position":2,"name":"Team members and partners"}]},{"@type":"WebSite","@id":"https:\/\/madaquebec.com\/#website","url":"https:\/\/madaquebec.com\/","name":"Mada","description":"Municipalit\u00e9s et villes amies des a\u00een\u00e9s au Qu\u00e9bec","potentialAction":[{"@type":"SearchAction","target":{"@type":"EntryPoint","urlTemplate":"https:\/\/madaquebec.com\/?s={search_term_string}"},"query-input":"required name=search_term_string"}],"inLanguage":"en-US"},{"@type":"Person","@id":"https:\/\/madaquebec.com\/#\/schema\/person\/9441d217f3b4145ad0b12be068e0366c","name":"Vada Quebec","url":"https:\/\/madaquebec.com\/en\/author\/vadaquebec\/"}]}},"_links":{"self":[{"href":"https:\/\/madaquebec.com\/en\/wp-json\/wp\/v2\/posts\/29625"}],"collection":[{"href":"https:\/\/madaquebec.com\/en\/wp-json\/wp\/v2\/posts"}],"about":[{"href":"https:\/\/madaquebec.com\/en\/wp-json\/wp\/v2\/types\/post"}],"author":[{"embeddable":true,"href":"https:\/\/madaquebec.com\/en\/wp-json\/wp\/v2\/users\/8"}],"replies":[{"embeddable":true,"href":"https:\/\/madaquebec.com\/en\/wp-json\/wp\/v2\/comments?post=29625"}],"version-history":[{"count":0,"href":"https:\/\/madaquebec.com\/en\/wp-json\/wp\/v2\/posts\/29625\/revisions"}],"wp:attachment":[{"href":"https:\/\/madaquebec.com\/en\/wp-json\/wp\/v2\/media?parent=29625"}],"wp:term":[{"taxonomy":"category","embeddable":true,"href":"https:\/\/madaquebec.com\/en\/wp-json\/wp\/v2\/categories?post=29625"},{"taxonomy":"post_tag","embeddable":true,"href":"https:\/\/madaquebec.com\/en\/wp-json\/wp\/v2\/tags?post=29625"}],"curies":[{"name":"wp","href":"https:\/\/api.w.org\/{rel}","templated":true}]}}