{"id":29404,"date":"2014-03-25T21:23:15","date_gmt":"2014-03-26T01:23:15","guid":{"rendered":"https:\/\/dev2.bastacommunication.ca\/MADA\/redaction-dun-plan-daction-en\/the-afm-approach\/the-afm-guide-and-the-toolbox\/the-approach\/"},"modified":"2014-03-25T21:23:15","modified_gmt":"2014-03-26T01:23:15","slug":"redaction-dun-plan-daction-en","status":"publish","type":"post","link":"https:\/\/madaquebec.com\/en\/redaction-dun-plan-daction-en\/the-afm-approach\/the-afm-guide-and-the-toolbox\/the-approach\/","title":{"rendered":"4. R\u00e9daction d&#8217;un plan d&#8217;action (en)"},"content":{"rendered":"<p style=\"color: #0a5d87;\">Le plan d\u2019action est un outil qui comprend des objectifs et des actions concr\u00e8tes \u00e0 privil\u00e9gier, \u00e0 court, \u00e0 moyen ou \u00e0 long terme, pour assurer la mise en oeuvre de la politique des a\u00een\u00e9s.<\/p>\n","protected":false},"excerpt":{"rendered":"<p>Le plan d\u2019action est un outil qui comprend des objectifs et des actions concr\u00e8tes \u00e0 privil\u00e9gier, \u00e0 court, \u00e0 moyen ou \u00e0 long terme, pour assurer la mise en oeuvre de la politique des a\u00een\u00e9s.<\/p>\n","protected":false},"author":8,"featured_media":0,"comment_status":"closed","ping_status":"closed","sticky":false,"template":"","format":"standard","meta":{"_et_pb_use_builder":"","_et_pb_old_content":"","_et_gb_content_width":"","footnotes":""},"categories":[220],"tags":[],"yoast_head":"<!-- This site is optimized with the Yoast SEO plugin v21.2 - https:\/\/yoast.com\/wordpress\/plugins\/seo\/ -->\n<title>4. R\u00e9daction d&#039;un plan d&#039;action (en) - Mada<\/title>\n<meta name=\"robots\" content=\"index, follow, max-snippet:-1, max-image-preview:large, max-video-preview:-1\" \/>\n<link rel=\"canonical\" href=\"https:\/\/madaquebec.com\/en\/redaction-dun-plan-daction-en\/the-afm-approach\/the-afm-guide-and-the-toolbox\/the-approach\/\" \/>\n<meta property=\"og:locale\" content=\"en_US\" \/>\n<meta property=\"og:type\" content=\"article\" \/>\n<meta property=\"og:title\" content=\"4. R\u00e9daction d&#039;un plan d&#039;action (en) - Mada\" \/>\n<meta property=\"og:description\" content=\"Le plan d\u2019action est un outil qui comprend des objectifs et des actions concr\u00e8tes \u00e0 privil\u00e9gier, \u00e0 court, \u00e0 moyen ou \u00e0 long terme, pour assurer la mise en oeuvre de la politique des a\u00een\u00e9s.\" \/>\n<meta property=\"og:url\" content=\"https:\/\/madaquebec.com\/en\/redaction-dun-plan-daction-en\/the-afm-approach\/the-afm-guide-and-the-toolbox\/the-approach\/\" \/>\n<meta property=\"og:site_name\" content=\"Mada\" \/>\n<meta property=\"article:published_time\" content=\"2014-03-26T01:23:15+00:00\" \/>\n<meta name=\"author\" content=\"Vada Quebec\" \/>\n<meta name=\"twitter:card\" content=\"summary_large_image\" \/>\n<meta name=\"twitter:label1\" content=\"Written by\" \/>\n\t<meta name=\"twitter:data1\" content=\"Vada Quebec\" \/>\n<script type=\"application\/ld+json\" class=\"yoast-schema-graph\">{\"@context\":\"https:\/\/schema.org\",\"@graph\":[{\"@type\":\"WebPage\",\"@id\":\"https:\/\/madaquebec.com\/en\/redaction-dun-plan-daction-en\/the-afm-approach\/the-afm-guide-and-the-toolbox\/the-approach\/\",\"url\":\"https:\/\/madaquebec.com\/en\/redaction-dun-plan-daction-en\/the-afm-approach\/the-afm-guide-and-the-toolbox\/the-approach\/\",\"name\":\"4. R\u00e9daction d'un plan d'action (en) - Mada\",\"isPartOf\":{\"@id\":\"https:\/\/madaquebec.com\/#website\"},\"datePublished\":\"2014-03-26T01:23:15+00:00\",\"dateModified\":\"2014-03-26T01:23:15+00:00\",\"author\":{\"@id\":\"https:\/\/madaquebec.com\/#\/schema\/person\/9441d217f3b4145ad0b12be068e0366c\"},\"breadcrumb\":{\"@id\":\"https:\/\/madaquebec.com\/en\/redaction-dun-plan-daction-en\/the-afm-approach\/the-afm-guide-and-the-toolbox\/the-approach\/#breadcrumb\"},\"inLanguage\":\"en-US\",\"potentialAction\":[{\"@type\":\"ReadAction\",\"target\":[\"https:\/\/madaquebec.com\/en\/redaction-dun-plan-daction-en\/the-afm-approach\/the-afm-guide-and-the-toolbox\/the-approach\/\"]}]},{\"@type\":\"BreadcrumbList\",\"@id\":\"https:\/\/madaquebec.com\/en\/redaction-dun-plan-daction-en\/the-afm-approach\/the-afm-guide-and-the-toolbox\/the-approach\/#breadcrumb\",\"itemListElement\":[{\"@type\":\"ListItem\",\"position\":1,\"name\":\"Accueil\",\"item\":\"https:\/\/madaquebec.com\/en\/\"},{\"@type\":\"ListItem\",\"position\":2,\"name\":\"4. R\u00e9daction d&rsquo;un plan d&rsquo;action (en)\"}]},{\"@type\":\"WebSite\",\"@id\":\"https:\/\/madaquebec.com\/#website\",\"url\":\"https:\/\/madaquebec.com\/\",\"name\":\"Mada\",\"description\":\"Municipalit\u00e9s et villes amies des a\u00een\u00e9s au Qu\u00e9bec\",\"potentialAction\":[{\"@type\":\"SearchAction\",\"target\":{\"@type\":\"EntryPoint\",\"urlTemplate\":\"https:\/\/madaquebec.com\/?s={search_term_string}\"},\"query-input\":\"required name=search_term_string\"}],\"inLanguage\":\"en-US\"},{\"@type\":\"Person\",\"@id\":\"https:\/\/madaquebec.com\/#\/schema\/person\/9441d217f3b4145ad0b12be068e0366c\",\"name\":\"Vada Quebec\",\"url\":\"https:\/\/madaquebec.com\/en\/author\/vadaquebec\/\"}]}<\/script>\n<!-- \/ Yoast SEO plugin. -->","yoast_head_json":{"title":"4. R\u00e9daction d'un plan d'action (en) - Mada","robots":{"index":"index","follow":"follow","max-snippet":"max-snippet:-1","max-image-preview":"max-image-preview:large","max-video-preview":"max-video-preview:-1"},"canonical":"https:\/\/madaquebec.com\/en\/redaction-dun-plan-daction-en\/the-afm-approach\/the-afm-guide-and-the-toolbox\/the-approach\/","og_locale":"en_US","og_type":"article","og_title":"4. R\u00e9daction d'un plan d'action (en) - Mada","og_description":"Le plan d\u2019action est un outil qui comprend des objectifs et des actions concr\u00e8tes \u00e0 privil\u00e9gier, \u00e0 court, \u00e0 moyen ou \u00e0 long terme, pour assurer la mise en oeuvre de la politique des a\u00een\u00e9s.","og_url":"https:\/\/madaquebec.com\/en\/redaction-dun-plan-daction-en\/the-afm-approach\/the-afm-guide-and-the-toolbox\/the-approach\/","og_site_name":"Mada","article_published_time":"2014-03-26T01:23:15+00:00","author":"Vada Quebec","twitter_card":"summary_large_image","twitter_misc":{"Written by":"Vada Quebec"},"schema":{"@context":"https:\/\/schema.org","@graph":[{"@type":"WebPage","@id":"https:\/\/madaquebec.com\/en\/redaction-dun-plan-daction-en\/the-afm-approach\/the-afm-guide-and-the-toolbox\/the-approach\/","url":"https:\/\/madaquebec.com\/en\/redaction-dun-plan-daction-en\/the-afm-approach\/the-afm-guide-and-the-toolbox\/the-approach\/","name":"4. R\u00e9daction d'un plan d'action (en) - Mada","isPartOf":{"@id":"https:\/\/madaquebec.com\/#website"},"datePublished":"2014-03-26T01:23:15+00:00","dateModified":"2014-03-26T01:23:15+00:00","author":{"@id":"https:\/\/madaquebec.com\/#\/schema\/person\/9441d217f3b4145ad0b12be068e0366c"},"breadcrumb":{"@id":"https:\/\/madaquebec.com\/en\/redaction-dun-plan-daction-en\/the-afm-approach\/the-afm-guide-and-the-toolbox\/the-approach\/#breadcrumb"},"inLanguage":"en-US","potentialAction":[{"@type":"ReadAction","target":["https:\/\/madaquebec.com\/en\/redaction-dun-plan-daction-en\/the-afm-approach\/the-afm-guide-and-the-toolbox\/the-approach\/"]}]},{"@type":"BreadcrumbList","@id":"https:\/\/madaquebec.com\/en\/redaction-dun-plan-daction-en\/the-afm-approach\/the-afm-guide-and-the-toolbox\/the-approach\/#breadcrumb","itemListElement":[{"@type":"ListItem","position":1,"name":"Accueil","item":"https:\/\/madaquebec.com\/en\/"},{"@type":"ListItem","position":2,"name":"4. R\u00e9daction d&rsquo;un plan d&rsquo;action (en)"}]},{"@type":"WebSite","@id":"https:\/\/madaquebec.com\/#website","url":"https:\/\/madaquebec.com\/","name":"Mada","description":"Municipalit\u00e9s et villes amies des a\u00een\u00e9s au Qu\u00e9bec","potentialAction":[{"@type":"SearchAction","target":{"@type":"EntryPoint","urlTemplate":"https:\/\/madaquebec.com\/?s={search_term_string}"},"query-input":"required name=search_term_string"}],"inLanguage":"en-US"},{"@type":"Person","@id":"https:\/\/madaquebec.com\/#\/schema\/person\/9441d217f3b4145ad0b12be068e0366c","name":"Vada Quebec","url":"https:\/\/madaquebec.com\/en\/author\/vadaquebec\/"}]}},"_links":{"self":[{"href":"https:\/\/madaquebec.com\/en\/wp-json\/wp\/v2\/posts\/29404"}],"collection":[{"href":"https:\/\/madaquebec.com\/en\/wp-json\/wp\/v2\/posts"}],"about":[{"href":"https:\/\/madaquebec.com\/en\/wp-json\/wp\/v2\/types\/post"}],"author":[{"embeddable":true,"href":"https:\/\/madaquebec.com\/en\/wp-json\/wp\/v2\/users\/8"}],"replies":[{"embeddable":true,"href":"https:\/\/madaquebec.com\/en\/wp-json\/wp\/v2\/comments?post=29404"}],"version-history":[{"count":0,"href":"https:\/\/madaquebec.com\/en\/wp-json\/wp\/v2\/posts\/29404\/revisions"}],"wp:attachment":[{"href":"https:\/\/madaquebec.com\/en\/wp-json\/wp\/v2\/media?parent=29404"}],"wp:term":[{"taxonomy":"category","embeddable":true,"href":"https:\/\/madaquebec.com\/en\/wp-json\/wp\/v2\/categories?post=29404"},{"taxonomy":"post_tag","embeddable":true,"href":"https:\/\/madaquebec.com\/en\/wp-json\/wp\/v2\/tags?post=29404"}],"curies":[{"name":"wp","href":"https:\/\/api.w.org\/{rel}","templated":true}]}}